{"id":2230,"date":"2023-12-15T09:58:16","date_gmt":"2023-12-15T09:58:16","guid":{"rendered":"https:\/\/www.concelloentrimo.es\/?p=2230"},"modified":"2023-12-15T10:00:31","modified_gmt":"2023-12-15T10:00:31","slug":"programa-rosalia","status":"publish","type":"post","link":"https:\/\/www.concelloentrimo.es\/gl\/programa-rosalia\/","title":{"rendered":"PROGRAMA ROSAL\u00cdA"},"content":{"rendered":"\n<p>O Programa Rosal\u00eda que se celebrou nos Concellos de Entrimo, Rair\u00edz de Veiga e Calvos de Rand\u00edn o abeiro da axuda concedida seg\u00fan a Resoluci\u00f3n do 20 de abril 2023, da Secretar\u00eda Xeral da Igualdade, pola que se establecen as bases reguladoras das subvenci\u00f3ns \u00e1s entidades locais da Comunidade Aut\u00f3noma de Galicia para a promoci\u00f3n da igualdade, de forma individual e mediante o sistema de xesti\u00f3n compartida, cofinanciadas parcialmente polo Fondo Social Europeo Plus (FSE+) no marco do Programa FSE + Galicia 2021-2027 para o ano 2023, ti\u00f1a como principais<\/p>\n\n\n\n<p><br><strong>OBXECTIVOS.<\/strong><\/p>\n\n\n\n<ul>\n<li>Que as participantes poideran reco\u00f1ecer e previr todos as formas de violencia de x\u00e9nero.<\/li>\n<\/ul>\n\n\n\n<p><\/p>\n\n\n\n<ul>\n<li>Acompa\u00f1ar, orientar, apoiar, as mulleres v\u00edtimas de violencia de x\u00e9nero e de violencia dom\u00e9stica, os seus fillos e fillas e persoas que dependan de ela.<\/li>\n<\/ul>\n\n\n\n<p><\/p>\n\n\n\n<ul>\n<li>Apoiar as mulleres vulnerables a trav\u00e9s de acci\u00f3ns de empoderamiento e autoestima.<\/li>\n<\/ul>\n\n\n\n<p><\/p>\n\n\n\n<ul>\n<li>Ensinar t\u00e9cnicas de sa\u00fade mental para disminuir o estr\u00e9s, a ansiedade, a carga mental e axudar a convivir coa enfermidade e o dolor.<\/li>\n<\/ul>\n\n\n\n<p><\/p>\n\n\n\n<ul>\n<li>Reco\u00f1ecer e incrementar as habilidades, e as capacidades sociais persoais das mulleres para orientar positivamente os seus proxectos vitais.<\/li>\n<\/ul>\n\n\n\n<p><\/p>\n\n\n\n<ul>\n<li>Mellorar a situaci\u00f3n persoal e laboral das mulleres participantes.<\/li>\n<\/ul>\n\n\n\n<p><\/p>\n\n\n\n<p>O PROGRAMA ROSAL\u00cdA acadou os seguintes RESULTADOS:<\/p>\n\n\n\n<ul>\n<li>Asesorar xuridicamente as mulleres e menores que estan sendo v\u00edctima de violencia de x\u00e9nero por parte da sua parella, indicando como se ten que formular unha denuncia ante a Garda Civil e os recursos necesarios para buscar unha soluci\u00f3n habitacional cando se ten que abandonar o domicilio conxugal.<\/li>\n<\/ul>\n\n\n\n<ul>\n<li>Creouse unha Asociaci\u00f3n de mulleres con perspectiva de x\u00e9nero. Asociaci\u00f3n Rai\u00f1as da Picota.<\/li>\n<\/ul>\n\n\n\n<p><\/p>\n\n\n\n<ul>\n<li>A trav\u00e9s dos Talleres realizados conseguiuse a sensibilizaci\u00f3n en materia de igualdade, identificando os distintos modos de violencia de x\u00e9nero e as medidas para combatilos.<\/li>\n<\/ul>\n\n\n\n<p><\/p>\n\n\n\n<ul>\n<li>Co\u00f1ecer mellor o mercado laboral da contorna e os nichos principais d emprego.<\/li>\n<\/ul>\n\n\n\n<p><\/p>\n\n\n\n<p><a href=\"https:\/\/www.concelloentrimo.es\/wp-content\/uploads\/2023\/12\/PROGRAMA-ROSALIA-WEB-CONCELLO-DE-ENTRIMO-1.pdf\">Ver documento completo<\/a><\/p>\n","protected":false},"excerpt":{"rendered":"<p>O Programa Rosal\u00eda que se celebrou nos Concellos de Entrimo, Rair\u00edz de Veiga e Calvos de Rand\u00edn o abeiro da axuda concedida seg\u00fan a Resoluci\u00f3n do 20 de abril 2023, da Secretar\u00eda Xeral da Igualdade, pola que se establecen as bases reguladoras das subvenci\u00f3ns \u00e1s entidades locais da Comunidade Aut\u00f3noma de Galicia para a promoci\u00f3n [&hellip;]<\/p>\n","protected":false},"author":1,"featured_media":0,"comment_status":"open","ping_status":"open","sticky":false,"template":"","format":"standard","meta":{"footnotes":""},"categories":[1],"tags":[],"acf":[],"yoast_head":"<!-- This site is optimized with the Yoast SEO plugin v21.1 - https:\/\/yoast.com\/wordpress\/plugins\/seo\/ -->\n<title>PROGRAMA ROSAL\u00cdA | Concello de Entrimo<\/title>\n<meta name=\"robots\" content=\"index, follow, max-snippet:-1, max-image-preview:large, max-video-preview:-1\" \/>\n<link rel=\"canonical\" href=\"https:\/\/www.concelloentrimo.es\/programa-rosalia\/\" \/>\n<meta property=\"og:locale\" content=\"gl_ES\" \/>\n<meta property=\"og:type\" content=\"article\" \/>\n<meta property=\"og:title\" content=\"PROGRAMA ROSAL\u00cdA | Concello de Entrimo\" \/>\n<meta property=\"og:description\" content=\"O Programa Rosal\u00eda que se celebrou nos Concellos de Entrimo, Rair\u00edz de Veiga e Calvos de Rand\u00edn o abeiro da axuda concedida seg\u00fan a Resoluci\u00f3n do 20 de abril 2023, da Secretar\u00eda Xeral da Igualdade, pola que se establecen as bases reguladoras das subvenci\u00f3ns \u00e1s entidades locais da Comunidade Aut\u00f3noma de Galicia para a promoci\u00f3n [&hellip;]\" \/>\n<meta property=\"og:url\" content=\"https:\/\/www.concelloentrimo.es\/programa-rosalia\/\" \/>\n<meta property=\"og:site_name\" content=\"Concello de Entrimo\" \/>\n<meta property=\"article:published_time\" content=\"2023-12-15T09:58:16+00:00\" \/>\n<meta property=\"article:modified_time\" content=\"2023-12-15T10:00:31+00:00\" \/>\n<meta name=\"author\" content=\"redegal\" \/>\n<meta name=\"twitter:card\" content=\"summary_large_image\" \/>\n<meta name=\"twitter:label1\" content=\"Escrito por\" \/>\n\t<meta name=\"twitter:data1\" content=\"redegal\" \/>\n\t<meta name=\"twitter:label2\" content=\"Tempo de lectura\" \/>\n\t<meta name=\"twitter:data2\" content=\"2 minutos\" \/>\n<script type=\"application\/ld+json\" class=\"yoast-schema-graph\">{\"@context\":\"https:\/\/schema.org\",\"@graph\":[{\"@type\":\"Article\",\"@id\":\"https:\/\/www.concelloentrimo.es\/programa-rosalia\/#article\",\"isPartOf\":{\"@id\":\"https:\/\/www.concelloentrimo.es\/programa-rosalia\/\"},\"author\":{\"name\":\"redegal\",\"@id\":\"https:\/\/www.concelloentrimo.es\/#\/schema\/person\/d548477538df7c22bc42645e7e035e66\"},\"headline\":\"PROGRAMA ROSAL\u00cdA\",\"datePublished\":\"2023-12-15T09:58:16+00:00\",\"dateModified\":\"2023-12-15T10:00:31+00:00\",\"mainEntityOfPage\":{\"@id\":\"https:\/\/www.concelloentrimo.es\/programa-rosalia\/\"},\"wordCount\":337,\"commentCount\":0,\"publisher\":{\"@id\":\"https:\/\/www.concelloentrimo.es\/#organization\"},\"articleSection\":[\"Sin categorizar\"],\"inLanguage\":\"gl-ES\",\"potentialAction\":[{\"@type\":\"CommentAction\",\"name\":\"Comment\",\"target\":[\"https:\/\/www.concelloentrimo.es\/programa-rosalia\/#respond\"]}]},{\"@type\":\"WebPage\",\"@id\":\"https:\/\/www.concelloentrimo.es\/programa-rosalia\/\",\"url\":\"https:\/\/www.concelloentrimo.es\/programa-rosalia\/\",\"name\":\"PROGRAMA ROSAL\u00cdA | Concello de Entrimo\",\"isPartOf\":{\"@id\":\"https:\/\/www.concelloentrimo.es\/#website\"},\"datePublished\":\"2023-12-15T09:58:16+00:00\",\"dateModified\":\"2023-12-15T10:00:31+00:00\",\"breadcrumb\":{\"@id\":\"https:\/\/www.concelloentrimo.es\/programa-rosalia\/#breadcrumb\"},\"inLanguage\":\"gl-ES\",\"potentialAction\":[{\"@type\":\"ReadAction\",\"target\":[\"https:\/\/www.concelloentrimo.es\/programa-rosalia\/\"]}]},{\"@type\":\"BreadcrumbList\",\"@id\":\"https:\/\/www.concelloentrimo.es\/programa-rosalia\/#breadcrumb\",\"itemListElement\":[{\"@type\":\"ListItem\",\"position\":1,\"name\":\"Portada\",\"item\":\"https:\/\/www.concelloentrimo.es\/\"},{\"@type\":\"ListItem\",\"position\":2,\"name\":\"PROGRAMA ROSAL\u00cdA\"}]},{\"@type\":\"WebSite\",\"@id\":\"https:\/\/www.concelloentrimo.es\/#website\",\"url\":\"https:\/\/www.concelloentrimo.es\/\",\"name\":\"Concello de Entrimo\",\"description\":\"Toda la actualidad, servicios y noticias relacionados con el Concello de Entrimo.\",\"publisher\":{\"@id\":\"https:\/\/www.concelloentrimo.es\/#organization\"},\"potentialAction\":[{\"@type\":\"SearchAction\",\"target\":{\"@type\":\"EntryPoint\",\"urlTemplate\":\"https:\/\/www.concelloentrimo.es\/?s={search_term_string}\"},\"query-input\":\"required name=search_term_string\"}],\"inLanguage\":\"gl-ES\"},{\"@type\":\"Organization\",\"@id\":\"https:\/\/www.concelloentrimo.es\/#organization\",\"name\":\"Concello de Entrimo\",\"url\":\"https:\/\/www.concelloentrimo.es\/\",\"logo\":{\"@type\":\"ImageObject\",\"inLanguage\":\"gl-ES\",\"@id\":\"https:\/\/www.concelloentrimo.es\/#\/schema\/logo\/image\/\",\"url\":\"https:\/\/www.concelloentrimo.es\/wp-content\/uploads\/2022\/04\/escudo.png\",\"contentUrl\":\"https:\/\/www.concelloentrimo.es\/wp-content\/uploads\/2022\/04\/escudo.png\",\"width\":168,\"height\":168,\"caption\":\"Concello de Entrimo\"},\"image\":{\"@id\":\"https:\/\/www.concelloentrimo.es\/#\/schema\/logo\/image\/\"}},{\"@type\":\"Person\",\"@id\":\"https:\/\/www.concelloentrimo.es\/#\/schema\/person\/d548477538df7c22bc42645e7e035e66\",\"name\":\"redegal\",\"image\":{\"@type\":\"ImageObject\",\"inLanguage\":\"gl-ES\",\"@id\":\"https:\/\/www.concelloentrimo.es\/#\/schema\/person\/image\/\",\"url\":\"https:\/\/secure.gravatar.com\/avatar\/a09d621a613489a4400aa85427ed0f10?s=96&d=blank&r=g\",\"contentUrl\":\"https:\/\/secure.gravatar.com\/avatar\/a09d621a613489a4400aa85427ed0f10?s=96&d=blank&r=g\",\"caption\":\"redegal\"},\"url\":\"https:\/\/www.concelloentrimo.es\/gl\/author\/redegal\/\"}]}<\/script>\n<!-- \/ Yoast SEO plugin. -->","yoast_head_json":{"title":"PROGRAMA ROSAL\u00cdA | Concello de Entrimo","robots":{"index":"index","follow":"follow","max-snippet":"max-snippet:-1","max-image-preview":"max-image-preview:large","max-video-preview":"max-video-preview:-1"},"canonical":"https:\/\/www.concelloentrimo.es\/programa-rosalia\/","og_locale":"gl_ES","og_type":"article","og_title":"PROGRAMA ROSAL\u00cdA | Concello de Entrimo","og_description":"O Programa Rosal\u00eda que se celebrou nos Concellos de Entrimo, Rair\u00edz de Veiga e Calvos de Rand\u00edn o abeiro da axuda concedida seg\u00fan a Resoluci\u00f3n do 20 de abril 2023, da Secretar\u00eda Xeral da Igualdade, pola que se establecen as bases reguladoras das subvenci\u00f3ns \u00e1s entidades locais da Comunidade Aut\u00f3noma de Galicia para a promoci\u00f3n [&hellip;]","og_url":"https:\/\/www.concelloentrimo.es\/programa-rosalia\/","og_site_name":"Concello de Entrimo","article_published_time":"2023-12-15T09:58:16+00:00","article_modified_time":"2023-12-15T10:00:31+00:00","author":"redegal","twitter_card":"summary_large_image","twitter_misc":{"Escrito por":"redegal","Tempo de lectura":"2 minutos"},"schema":{"@context":"https:\/\/schema.org","@graph":[{"@type":"Article","@id":"https:\/\/www.concelloentrimo.es\/programa-rosalia\/#article","isPartOf":{"@id":"https:\/\/www.concelloentrimo.es\/programa-rosalia\/"},"author":{"name":"redegal","@id":"https:\/\/www.concelloentrimo.es\/#\/schema\/person\/d548477538df7c22bc42645e7e035e66"},"headline":"PROGRAMA ROSAL\u00cdA","datePublished":"2023-12-15T09:58:16+00:00","dateModified":"2023-12-15T10:00:31+00:00","mainEntityOfPage":{"@id":"https:\/\/www.concelloentrimo.es\/programa-rosalia\/"},"wordCount":337,"commentCount":0,"publisher":{"@id":"https:\/\/www.concelloentrimo.es\/#organization"},"articleSection":["Sin categorizar"],"inLanguage":"gl-ES","potentialAction":[{"@type":"CommentAction","name":"Comment","target":["https:\/\/www.concelloentrimo.es\/programa-rosalia\/#respond"]}]},{"@type":"WebPage","@id":"https:\/\/www.concelloentrimo.es\/programa-rosalia\/","url":"https:\/\/www.concelloentrimo.es\/programa-rosalia\/","name":"PROGRAMA ROSAL\u00cdA | Concello de Entrimo","isPartOf":{"@id":"https:\/\/www.concelloentrimo.es\/#website"},"datePublished":"2023-12-15T09:58:16+00:00","dateModified":"2023-12-15T10:00:31+00:00","breadcrumb":{"@id":"https:\/\/www.concelloentrimo.es\/programa-rosalia\/#breadcrumb"},"inLanguage":"gl-ES","potentialAction":[{"@type":"ReadAction","target":["https:\/\/www.concelloentrimo.es\/programa-rosalia\/"]}]},{"@type":"BreadcrumbList","@id":"https:\/\/www.concelloentrimo.es\/programa-rosalia\/#breadcrumb","itemListElement":[{"@type":"ListItem","position":1,"name":"Portada","item":"https:\/\/www.concelloentrimo.es\/"},{"@type":"ListItem","position":2,"name":"PROGRAMA ROSAL\u00cdA"}]},{"@type":"WebSite","@id":"https:\/\/www.concelloentrimo.es\/#website","url":"https:\/\/www.concelloentrimo.es\/","name":"Concello de Entrimo","description":"Toda la actualidad, servicios y noticias relacionados con el Concello de Entrimo.","publisher":{"@id":"https:\/\/www.concelloentrimo.es\/#organization"},"potentialAction":[{"@type":"SearchAction","target":{"@type":"EntryPoint","urlTemplate":"https:\/\/www.concelloentrimo.es\/?s={search_term_string}"},"query-input":"required name=search_term_string"}],"inLanguage":"gl-ES"},{"@type":"Organization","@id":"https:\/\/www.concelloentrimo.es\/#organization","name":"Concello de Entrimo","url":"https:\/\/www.concelloentrimo.es\/","logo":{"@type":"ImageObject","inLanguage":"gl-ES","@id":"https:\/\/www.concelloentrimo.es\/#\/schema\/logo\/image\/","url":"https:\/\/www.concelloentrimo.es\/wp-content\/uploads\/2022\/04\/escudo.png","contentUrl":"https:\/\/www.concelloentrimo.es\/wp-content\/uploads\/2022\/04\/escudo.png","width":168,"height":168,"caption":"Concello de Entrimo"},"image":{"@id":"https:\/\/www.concelloentrimo.es\/#\/schema\/logo\/image\/"}},{"@type":"Person","@id":"https:\/\/www.concelloentrimo.es\/#\/schema\/person\/d548477538df7c22bc42645e7e035e66","name":"redegal","image":{"@type":"ImageObject","inLanguage":"gl-ES","@id":"https:\/\/www.concelloentrimo.es\/#\/schema\/person\/image\/","url":"https:\/\/secure.gravatar.com\/avatar\/a09d621a613489a4400aa85427ed0f10?s=96&d=blank&r=g","contentUrl":"https:\/\/secure.gravatar.com\/avatar\/a09d621a613489a4400aa85427ed0f10?s=96&d=blank&r=g","caption":"redegal"},"url":"https:\/\/www.concelloentrimo.es\/gl\/author\/redegal\/"}]}},"_links":{"self":[{"href":"https:\/\/www.concelloentrimo.es\/gl\/wp-json\/wp\/v2\/posts\/2230"}],"collection":[{"href":"https:\/\/www.concelloentrimo.es\/gl\/wp-json\/wp\/v2\/posts"}],"about":[{"href":"https:\/\/www.concelloentrimo.es\/gl\/wp-json\/wp\/v2\/types\/post"}],"author":[{"embeddable":true,"href":"https:\/\/www.concelloentrimo.es\/gl\/wp-json\/wp\/v2\/users\/1"}],"replies":[{"embeddable":true,"href":"https:\/\/www.concelloentrimo.es\/gl\/wp-json\/wp\/v2\/comments?post=2230"}],"version-history":[{"count":5,"href":"https:\/\/www.concelloentrimo.es\/gl\/wp-json\/wp\/v2\/posts\/2230\/revisions"}],"predecessor-version":[{"id":2238,"href":"https:\/\/www.concelloentrimo.es\/gl\/wp-json\/wp\/v2\/posts\/2230\/revisions\/2238"}],"wp:attachment":[{"href":"https:\/\/www.concelloentrimo.es\/gl\/wp-json\/wp\/v2\/media?parent=2230"}],"wp:term":[{"taxonomy":"category","embeddable":true,"href":"https:\/\/www.concelloentrimo.es\/gl\/wp-json\/wp\/v2\/categories?post=2230"},{"taxonomy":"post_tag","embeddable":true,"href":"https:\/\/www.concelloentrimo.es\/gl\/wp-json\/wp\/v2\/tags?post=2230"}],"curies":[{"name":"wp","href":"https:\/\/api.w.org\/{rel}","templated":true}]}}